{"id":235,"date":"2019-11-01T09:00:12","date_gmt":"2019-11-01T08:00:12","guid":{"rendered":"https:\/\/www.definet.de\/?p=235"},"modified":"2026-03-02T13:24:20","modified_gmt":"2026-03-02T12:24:20","slug":"bts-finance-gruppe-sortiert-sich-neu","status":"publish","type":"post","link":"https:\/\/definet.de\/nds-de\/2019\/11\/01\/bts-finance-gruppe-sortiert-sich-neu\/","title":{"rendered":"BTS-Finance-Gruppe sortiert sich neu"},"content":{"rendered":"\n<h4 class=\"wp-block-heading\" id=\"h-veroffentlicht-in-das-investment-01-11-2019\">Ver\u00f6ffentlicht in: Das Investment, 01.11.2019<\/h4>\n\n\n\n<p>Dieser Artikel ist leider nicht mehr verf\u00fcgbar.<\/p>\n\n\n\n<h4 class=\"wp-block-heading\" id=\"h-veroffentlicht-in-versicherungsmagazin-31-10-2019\">Ver\u00f6ffentlicht in: Versicherungsmagazin, 31,10.2019<\/h4>\n\n\n\n<p><a href=\"https:\/\/www.versicherungsmagazin.de\/rubriken\/personalien\/bei-bts-werden-die-karten-neu-gemischt-2478891.html\" target=\"_blank\" rel=\"noreferrer noopener\">Hier geht\u2019s zum Artikel<\/a><\/p>\n\n\n\n<h4 class=\"wp-block-heading\" id=\"h-veroffentlicht-in-versicherungsjournal-de-31-10-2019\">Ver\u00f6ffentlicht in: VersicherungsJournal.de, 31.10.2019<\/h4>\n\n\n\n<p><a href=\"https:\/\/www.versicherungsjournal.de\/unternehmen-und-personen\/formaxx-und-mayflower-wechsel-an-der-vorstandspitze-137140.php\" target=\"_blank\" rel=\"noreferrer noopener\">Hier geht\u2019s zum Artikel<\/a><\/p>\n\n\n\n<h4 class=\"wp-block-heading\" id=\"h-veroffentlicht-in-versicherungsmonitor-30-10-2019\">Ver\u00f6ffentlicht in: Versicherungsmonitor, 30.10.2019<\/h4>\n\n\n\n<p><a href=\"https:\/\/versicherungsmonitor.de\/2019\/10\/30\/stuehleruecken-bei-vhv-und-bts-finance\/\" target=\"_blank\" rel=\"noreferrer noopener\">Hier geht\u2019s zum Artikel<\/a><\/p>\n\n\n\n<h4 class=\"wp-block-heading\" id=\"h-veroffentlicht-in-cash-online-30-10-2019\">Ver\u00f6ffentlicht in: Cash.Online, 30.10.2019<\/h4>\n\n\n\n<p><a href=\"https:\/\/www.cash-online.de\/berater\/2019\/mehr-schlagkraft-stuehleruecken-bei-bts\/487375\" target=\"_blank\" rel=\"noreferrer noopener\">Hier geht\u2019s zum Artikel<\/a><\/p>\n\n\n\n<h4 class=\"wp-block-heading\" id=\"h-veroffentlicht-in-asscompact-10-11-2019\">Ver\u00f6ffentlicht in: ASSCompact, 10.11.2019<\/h4>\n\n\n\n<p><a href=\"https:\/\/www.asscompact.de\/nachrichten\/personalrochade-bei-der-bts-finance-group\" target=\"_blank\" rel=\"noreferrer noopener\">Hier geht\u2019s zum Artikel<\/a><\/p>\n","protected":false},"excerpt":{"rendered":"<p>Ver\u00f6ffentlicht in: Das Investment, 01.11.2019 Dieser Artikel ist leider nicht mehr verf\u00fcgbar. Ver\u00f6ffentlicht in: Versicherungsmagazin, 31,10.2019 Hier geht\u2019s zum Artikel Ver\u00f6ffentlicht in: VersicherungsJournal.de, 31.10.2019 Hier geht\u2019s zum Artikel Ver\u00f6ffentlicht in: Versicherungsmonitor, 30.10.2019 Hier geht\u2019s zum Artikel Ver\u00f6ffentlicht in: Cash.Online, 30.10.2019 Hier geht\u2019s zum Artikel Ver\u00f6ffentlicht in: ASSCompact, 10.11.2019 Hier geht\u2019s zum Artikel<\/p>\n","protected":false},"author":1,"featured_media":2195,"comment_status":"open","ping_status":"closed","sticky":false,"template":"","format":"standard","meta":{"_acf_changed":false,"footnotes":""},"categories":[4],"tags":[],"post_folder":[],"class_list":["post-235","post","type-post","status-publish","format-standard","has-post-thumbnail","hentry","category-pressespiegel"],"acf":[],"yoast_head":"<!-- This site is optimized with the Yoast SEO plugin v27.5 - https:\/\/yoast.com\/product\/yoast-seo-wordpress\/ -->\n<title>BTS-Finance-Gruppe sortiert sich neu - DEFINET AG<\/title>\n<meta name=\"description\" content=\"Die BTS Finance Group ordnet die F\u00fchrungsstruktur neu. Scholl wechselt in den Aufsichtsrat, Breustedt, Fink &amp; Kolmsee in den Vorstand.\" \/>\n<meta name=\"robots\" content=\"index, follow, max-snippet:-1, max-image-preview:large, max-video-preview:-1\" \/>\n<link rel=\"canonical\" href=\"https:\/\/definet.de\/2019\/11\/01\/bts-finance-gruppe-sortiert-sich-neu\/\" \/>\n<meta property=\"og:locale\" content=\"en_US\" \/>\n<meta property=\"og:type\" content=\"article\" \/>\n<meta property=\"og:title\" content=\"BTS-Finance-Gruppe sortiert sich neu - DEFINET AG\" \/>\n<meta property=\"og:description\" content=\"Die BTS Finance Group ordnet die F\u00fchrungsstruktur neu. Scholl wechselt in den Aufsichtsrat, Breustedt, Fink &amp; Kolmsee in den Vorstand.\" \/>\n<meta property=\"og:url\" content=\"https:\/\/definet.de\/2019\/11\/01\/bts-finance-gruppe-sortiert-sich-neu\/\" \/>\n<meta property=\"og:site_name\" content=\"DEFINET AG\" \/>\n<meta property=\"article:published_time\" content=\"2019-11-01T08:00:12+00:00\" \/>\n<meta property=\"article:modified_time\" content=\"2026-03-02T12:24:20+00:00\" \/>\n<meta property=\"og:image\" content=\"https:\/\/definet.de\/wp-content\/uploads\/2019\/11\/3S4B5325-scaled.jpg\" \/>\n\t<meta property=\"og:image:width\" content=\"2560\" \/>\n\t<meta property=\"og:image:height\" content=\"1707\" \/>\n\t<meta property=\"og:image:type\" content=\"image\/jpeg\" \/>\n<meta name=\"author\" content=\"admin-definet\" \/>\n<meta name=\"twitter:card\" content=\"summary_large_image\" \/>\n<meta name=\"twitter:label1\" content=\"Verfasst von\" \/>\n\t<meta name=\"twitter:data1\" content=\"admin-definet\" \/>\n\t<meta name=\"twitter:label2\" content=\"Gesch\u00e4tzte Lesezeit\" \/>\n\t<meta name=\"twitter:data2\" content=\"1\u00a0Minute\" \/>\n<script type=\"application\/ld+json\" class=\"yoast-schema-graph\">{\"@context\":\"https:\\\/\\\/schema.org\",\"@graph\":[{\"@type\":\"Article\",\"@id\":\"https:\\\/\\\/definet.de\\\/2019\\\/11\\\/01\\\/bts-finance-gruppe-sortiert-sich-neu\\\/#article\",\"isPartOf\":{\"@id\":\"https:\\\/\\\/definet.de\\\/2019\\\/11\\\/01\\\/bts-finance-gruppe-sortiert-sich-neu\\\/\"},\"author\":{\"name\":\"admin-definet\",\"@id\":\"https:\\\/\\\/definet.de\\\/#\\\/schema\\\/person\\\/68cc85b665bfcfd5c860c97963afec73\"},\"headline\":\"BTS-Finance-Gruppe sortiert sich neu\",\"datePublished\":\"2019-11-01T08:00:12+00:00\",\"dateModified\":\"2026-03-02T12:24:20+00:00\",\"mainEntityOfPage\":{\"@id\":\"https:\\\/\\\/definet.de\\\/2019\\\/11\\\/01\\\/bts-finance-gruppe-sortiert-sich-neu\\\/\"},\"wordCount\":64,\"commentCount\":0,\"publisher\":{\"@id\":\"https:\\\/\\\/definet.de\\\/#organization\"},\"image\":{\"@id\":\"https:\\\/\\\/definet.de\\\/2019\\\/11\\\/01\\\/bts-finance-gruppe-sortiert-sich-neu\\\/#primaryimage\"},\"thumbnailUrl\":\"https:\\\/\\\/definet.de\\\/wp-content\\\/uploads\\\/2019\\\/11\\\/3S4B5325-scaled.jpg\",\"articleSection\":[\"Pressespiegel\"],\"inLanguage\":\"de\",\"potentialAction\":[{\"@type\":\"CommentAction\",\"name\":\"Comment\",\"target\":[\"https:\\\/\\\/definet.de\\\/2019\\\/11\\\/01\\\/bts-finance-gruppe-sortiert-sich-neu\\\/#respond\"]}]},{\"@type\":\"WebPage\",\"@id\":\"https:\\\/\\\/definet.de\\\/2019\\\/11\\\/01\\\/bts-finance-gruppe-sortiert-sich-neu\\\/\",\"url\":\"https:\\\/\\\/definet.de\\\/2019\\\/11\\\/01\\\/bts-finance-gruppe-sortiert-sich-neu\\\/\",\"name\":\"BTS-Finance-Gruppe sortiert sich neu - DEFINET AG\",\"isPartOf\":{\"@id\":\"https:\\\/\\\/definet.de\\\/#website\"},\"primaryImageOfPage\":{\"@id\":\"https:\\\/\\\/definet.de\\\/2019\\\/11\\\/01\\\/bts-finance-gruppe-sortiert-sich-neu\\\/#primaryimage\"},\"image\":{\"@id\":\"https:\\\/\\\/definet.de\\\/2019\\\/11\\\/01\\\/bts-finance-gruppe-sortiert-sich-neu\\\/#primaryimage\"},\"thumbnailUrl\":\"https:\\\/\\\/definet.de\\\/wp-content\\\/uploads\\\/2019\\\/11\\\/3S4B5325-scaled.jpg\",\"datePublished\":\"2019-11-01T08:00:12+00:00\",\"dateModified\":\"2026-03-02T12:24:20+00:00\",\"description\":\"Die BTS Finance Group ordnet die F\u00fchrungsstruktur neu. Scholl wechselt in den Aufsichtsrat, Breustedt, Fink & Kolmsee in den Vorstand.\",\"breadcrumb\":{\"@id\":\"https:\\\/\\\/definet.de\\\/2019\\\/11\\\/01\\\/bts-finance-gruppe-sortiert-sich-neu\\\/#breadcrumb\"},\"inLanguage\":\"de\",\"potentialAction\":[{\"@type\":\"ReadAction\",\"target\":[\"https:\\\/\\\/definet.de\\\/2019\\\/11\\\/01\\\/bts-finance-gruppe-sortiert-sich-neu\\\/\"]}]},{\"@type\":\"ImageObject\",\"inLanguage\":\"de\",\"@id\":\"https:\\\/\\\/definet.de\\\/2019\\\/11\\\/01\\\/bts-finance-gruppe-sortiert-sich-neu\\\/#primaryimage\",\"url\":\"https:\\\/\\\/definet.de\\\/wp-content\\\/uploads\\\/2019\\\/11\\\/3S4B5325-scaled.jpg\",\"contentUrl\":\"https:\\\/\\\/definet.de\\\/wp-content\\\/uploads\\\/2019\\\/11\\\/3S4B5325-scaled.jpg\",\"width\":2560,\"height\":1707,\"caption\":\"Pressespiegel Definet AG Vorstand\"},{\"@type\":\"BreadcrumbList\",\"@id\":\"https:\\\/\\\/definet.de\\\/2019\\\/11\\\/01\\\/bts-finance-gruppe-sortiert-sich-neu\\\/#breadcrumb\",\"itemListElement\":[{\"@type\":\"ListItem\",\"position\":1,\"name\":\"Startseite\",\"item\":\"https:\\\/\\\/definet.de\\\/nds-de\\\/home\\\/\"},{\"@type\":\"ListItem\",\"position\":2,\"name\":\"BTS-Finance-Gruppe sortiert sich neu\"}]},{\"@type\":\"WebSite\",\"@id\":\"https:\\\/\\\/definet.de\\\/#website\",\"url\":\"https:\\\/\\\/definet.de\\\/\",\"name\":\"Definet AG\",\"description\":\"Kompetenz. Mehrwert. Partnerschaft.\",\"publisher\":{\"@id\":\"https:\\\/\\\/definet.de\\\/#organization\"},\"potentialAction\":[{\"@type\":\"SearchAction\",\"target\":{\"@type\":\"EntryPoint\",\"urlTemplate\":\"https:\\\/\\\/definet.de\\\/?s={search_term_string}\"},\"query-input\":{\"@type\":\"PropertyValueSpecification\",\"valueRequired\":true,\"valueName\":\"search_term_string\"}}],\"inLanguage\":\"de\"},{\"@type\":\"Organization\",\"@id\":\"https:\\\/\\\/definet.de\\\/#organization\",\"name\":\"DEFINET AG\",\"url\":\"https:\\\/\\\/definet.de\\\/\",\"logo\":{\"@type\":\"ImageObject\",\"inLanguage\":\"de\",\"@id\":\"https:\\\/\\\/definet.de\\\/#\\\/schema\\\/logo\\\/image\\\/\",\"url\":\"https:\\\/\\\/definet.de\\\/wp-content\\\/uploads\\\/2020\\\/01\\\/Logo_Definet.png\",\"contentUrl\":\"https:\\\/\\\/definet.de\\\/wp-content\\\/uploads\\\/2020\\\/01\\\/Logo_Definet.png\",\"width\":2547,\"height\":567,\"caption\":\"DEFINET AG\"},\"image\":{\"@id\":\"https:\\\/\\\/definet.de\\\/#\\\/schema\\\/logo\\\/image\\\/\"},\"sameAs\":[\"https:\\\/\\\/www.linkedin.com\\\/company\\\/definetag\"]},{\"@type\":\"Person\",\"@id\":\"https:\\\/\\\/definet.de\\\/#\\\/schema\\\/person\\\/68cc85b665bfcfd5c860c97963afec73\",\"name\":\"admin-definet\"}]}<\/script>\n<!-- \/ Yoast SEO plugin. -->","yoast_head_json":{"title":"BTS-Finance-Gruppe sortiert sich neu - DEFINET AG","description":"Die BTS Finance Group ordnet die F\u00fchrungsstruktur neu. Scholl wechselt in den Aufsichtsrat, Breustedt, Fink & Kolmsee in den Vorstand.","robots":{"index":"index","follow":"follow","max-snippet":"max-snippet:-1","max-image-preview":"max-image-preview:large","max-video-preview":"max-video-preview:-1"},"canonical":"https:\/\/definet.de\/2019\/11\/01\/bts-finance-gruppe-sortiert-sich-neu\/","og_locale":"en_US","og_type":"article","og_title":"BTS-Finance-Gruppe sortiert sich neu - DEFINET AG","og_description":"Die BTS Finance Group ordnet die F\u00fchrungsstruktur neu. Scholl wechselt in den Aufsichtsrat, Breustedt, Fink & Kolmsee in den Vorstand.","og_url":"https:\/\/definet.de\/2019\/11\/01\/bts-finance-gruppe-sortiert-sich-neu\/","og_site_name":"DEFINET AG","article_published_time":"2019-11-01T08:00:12+00:00","article_modified_time":"2026-03-02T12:24:20+00:00","og_image":[{"width":2560,"height":1707,"url":"https:\/\/definet.de\/wp-content\/uploads\/2019\/11\/3S4B5325-scaled.jpg","type":"image\/jpeg"}],"author":"admin-definet","twitter_card":"summary_large_image","twitter_misc":{"Verfasst von":"admin-definet","Gesch\u00e4tzte Lesezeit":"1\u00a0Minute"},"schema":{"@context":"https:\/\/schema.org","@graph":[{"@type":"Article","@id":"https:\/\/definet.de\/2019\/11\/01\/bts-finance-gruppe-sortiert-sich-neu\/#article","isPartOf":{"@id":"https:\/\/definet.de\/2019\/11\/01\/bts-finance-gruppe-sortiert-sich-neu\/"},"author":{"name":"admin-definet","@id":"https:\/\/definet.de\/#\/schema\/person\/68cc85b665bfcfd5c860c97963afec73"},"headline":"BTS-Finance-Gruppe sortiert sich neu","datePublished":"2019-11-01T08:00:12+00:00","dateModified":"2026-03-02T12:24:20+00:00","mainEntityOfPage":{"@id":"https:\/\/definet.de\/2019\/11\/01\/bts-finance-gruppe-sortiert-sich-neu\/"},"wordCount":64,"commentCount":0,"publisher":{"@id":"https:\/\/definet.de\/#organization"},"image":{"@id":"https:\/\/definet.de\/2019\/11\/01\/bts-finance-gruppe-sortiert-sich-neu\/#primaryimage"},"thumbnailUrl":"https:\/\/definet.de\/wp-content\/uploads\/2019\/11\/3S4B5325-scaled.jpg","articleSection":["Pressespiegel"],"inLanguage":"de","potentialAction":[{"@type":"CommentAction","name":"Comment","target":["https:\/\/definet.de\/2019\/11\/01\/bts-finance-gruppe-sortiert-sich-neu\/#respond"]}]},{"@type":"WebPage","@id":"https:\/\/definet.de\/2019\/11\/01\/bts-finance-gruppe-sortiert-sich-neu\/","url":"https:\/\/definet.de\/2019\/11\/01\/bts-finance-gruppe-sortiert-sich-neu\/","name":"BTS-Finance-Gruppe sortiert sich neu - DEFINET AG","isPartOf":{"@id":"https:\/\/definet.de\/#website"},"primaryImageOfPage":{"@id":"https:\/\/definet.de\/2019\/11\/01\/bts-finance-gruppe-sortiert-sich-neu\/#primaryimage"},"image":{"@id":"https:\/\/definet.de\/2019\/11\/01\/bts-finance-gruppe-sortiert-sich-neu\/#primaryimage"},"thumbnailUrl":"https:\/\/definet.de\/wp-content\/uploads\/2019\/11\/3S4B5325-scaled.jpg","datePublished":"2019-11-01T08:00:12+00:00","dateModified":"2026-03-02T12:24:20+00:00","description":"Die BTS Finance Group ordnet die F\u00fchrungsstruktur neu. Scholl wechselt in den Aufsichtsrat, Breustedt, Fink & Kolmsee in den Vorstand.","breadcrumb":{"@id":"https:\/\/definet.de\/2019\/11\/01\/bts-finance-gruppe-sortiert-sich-neu\/#breadcrumb"},"inLanguage":"de","potentialAction":[{"@type":"ReadAction","target":["https:\/\/definet.de\/2019\/11\/01\/bts-finance-gruppe-sortiert-sich-neu\/"]}]},{"@type":"ImageObject","inLanguage":"de","@id":"https:\/\/definet.de\/2019\/11\/01\/bts-finance-gruppe-sortiert-sich-neu\/#primaryimage","url":"https:\/\/definet.de\/wp-content\/uploads\/2019\/11\/3S4B5325-scaled.jpg","contentUrl":"https:\/\/definet.de\/wp-content\/uploads\/2019\/11\/3S4B5325-scaled.jpg","width":2560,"height":1707,"caption":"Pressespiegel Definet AG Vorstand"},{"@type":"BreadcrumbList","@id":"https:\/\/definet.de\/2019\/11\/01\/bts-finance-gruppe-sortiert-sich-neu\/#breadcrumb","itemListElement":[{"@type":"ListItem","position":1,"name":"Startseite","item":"https:\/\/definet.de\/nds-de\/home\/"},{"@type":"ListItem","position":2,"name":"BTS-Finance-Gruppe sortiert sich neu"}]},{"@type":"WebSite","@id":"https:\/\/definet.de\/#website","url":"https:\/\/definet.de\/","name":"Definet AG","description":"Kompetenz. Mehrwert. Partnerschaft.","publisher":{"@id":"https:\/\/definet.de\/#organization"},"potentialAction":[{"@type":"SearchAction","target":{"@type":"EntryPoint","urlTemplate":"https:\/\/definet.de\/?s={search_term_string}"},"query-input":{"@type":"PropertyValueSpecification","valueRequired":true,"valueName":"search_term_string"}}],"inLanguage":"de"},{"@type":"Organization","@id":"https:\/\/definet.de\/#organization","name":"DEFINET AG","url":"https:\/\/definet.de\/","logo":{"@type":"ImageObject","inLanguage":"de","@id":"https:\/\/definet.de\/#\/schema\/logo\/image\/","url":"https:\/\/definet.de\/wp-content\/uploads\/2020\/01\/Logo_Definet.png","contentUrl":"https:\/\/definet.de\/wp-content\/uploads\/2020\/01\/Logo_Definet.png","width":2547,"height":567,"caption":"DEFINET AG"},"image":{"@id":"https:\/\/definet.de\/#\/schema\/logo\/image\/"},"sameAs":["https:\/\/www.linkedin.com\/company\/definetag"]},{"@type":"Person","@id":"https:\/\/definet.de\/#\/schema\/person\/68cc85b665bfcfd5c860c97963afec73","name":"admin-definet"}]}},"_links":{"self":[{"href":"https:\/\/definet.de\/nds-de\/wp-json\/wp\/v2\/posts\/235","targetHints":{"allow":["GET"]}}],"collection":[{"href":"https:\/\/definet.de\/nds-de\/wp-json\/wp\/v2\/posts"}],"about":[{"href":"https:\/\/definet.de\/nds-de\/wp-json\/wp\/v2\/types\/post"}],"author":[{"embeddable":true,"href":"https:\/\/definet.de\/nds-de\/wp-json\/wp\/v2\/users\/1"}],"replies":[{"embeddable":true,"href":"https:\/\/definet.de\/nds-de\/wp-json\/wp\/v2\/comments?post=235"}],"version-history":[{"count":4,"href":"https:\/\/definet.de\/nds-de\/wp-json\/wp\/v2\/posts\/235\/revisions"}],"predecessor-version":[{"id":24972,"href":"https:\/\/definet.de\/nds-de\/wp-json\/wp\/v2\/posts\/235\/revisions\/24972"}],"wp:featuredmedia":[{"embeddable":true,"href":"https:\/\/definet.de\/nds-de\/wp-json\/wp\/v2\/media\/2195"}],"wp:attachment":[{"href":"https:\/\/definet.de\/nds-de\/wp-json\/wp\/v2\/media?parent=235"}],"wp:term":[{"taxonomy":"category","embeddable":true,"href":"https:\/\/definet.de\/nds-de\/wp-json\/wp\/v2\/categories?post=235"},{"taxonomy":"post_tag","embeddable":true,"href":"https:\/\/definet.de\/nds-de\/wp-json\/wp\/v2\/tags?post=235"},{"taxonomy":"post_folder","embeddable":true,"href":"https:\/\/definet.de\/nds-de\/wp-json\/wp\/v2\/post_folder?post=235"}],"curies":[{"name":"wp","href":"https:\/\/api.w.org\/{rel}","templated":true}]}}