{"id":240,"date":"2019-10-15T20:27:07","date_gmt":"2019-10-15T18:27:07","guid":{"rendered":"https:\/\/www.definet.de\/?p=240"},"modified":"2026-03-02T13:25:59","modified_gmt":"2026-03-02T12:25:59","slug":"personalmanagement-im-vertrieb-der-ruf-nach-freiheit-von-thomas-scholl","status":"publish","type":"post","link":"https:\/\/definet.de\/nds-de\/2019\/10\/15\/personalmanagement-im-vertrieb-der-ruf-nach-freiheit-von-thomas-scholl\/","title":{"rendered":"Personalmanagement im Vertrieb: Der Ruf nach Freiheit \u2013 von Thomas Scholl"},"content":{"rendered":"\n<p>Der Versicherungsvertrieb steht am Scheideweg. Die alten Konzepte zur Mitarbeitergewinnung funktionieren nicht mehr so recht, die Anspr\u00fcche&nbsp;der guten und erfahrenen Berater steigen. Welche Angebote erwarten sie?<\/p>\n\n\n\n<p>Dieser Artikel ist leider nicht mehr verf\u00fcgbar.<\/p>\n","protected":false},"excerpt":{"rendered":"<p>Der Versicherungsvertrieb steht am Scheideweg. Die alten Konzepte zur Mitarbeitergewinnung funktionieren nicht mehr so recht, die Anspr\u00fcche&nbsp;der guten und erfahrenen Berater steigen. Welche Angebote erwarten sie? Dieser Artikel ist leider nicht mehr verf\u00fcgbar.<\/p>\n","protected":false},"author":1,"featured_media":242,"comment_status":"open","ping_status":"closed","sticky":false,"template":"","format":"standard","meta":{"_acf_changed":false,"footnotes":""},"categories":[4],"tags":[],"post_folder":[],"class_list":["post-240","post","type-post","status-publish","format-standard","has-post-thumbnail","hentry","category-pressespiegel"],"acf":[],"yoast_head":"<!-- This site is optimized with the Yoast SEO plugin v27.5 - https:\/\/yoast.com\/product\/yoast-seo-wordpress\/ -->\n<title>Personalmanagement im Vertrieb: Der Ruf nach Freiheit \u2013 von Thomas Scholl - DEFINET AG<\/title>\n<meta name=\"description\" content=\"Personalmanagement im Vertrieb \u2013 Thomas Scholl \u00fcber den Ruf nach Freiheit und moderne, nachhaltigen F\u00fchrungsans\u00e4tze.\" \/>\n<meta name=\"robots\" content=\"index, follow, max-snippet:-1, max-image-preview:large, max-video-preview:-1\" \/>\n<link rel=\"canonical\" href=\"https:\/\/definet.de\/2019\/10\/15\/personalmanagement-im-vertrieb-der-ruf-nach-freiheit-von-thomas-scholl\/\" \/>\n<meta property=\"og:locale\" content=\"en_US\" \/>\n<meta property=\"og:type\" content=\"article\" \/>\n<meta property=\"og:title\" content=\"Personalmanagement im Vertrieb: Der Ruf nach Freiheit \u2013 von Thomas Scholl - DEFINET AG\" \/>\n<meta property=\"og:description\" content=\"Personalmanagement im Vertrieb \u2013 Thomas Scholl \u00fcber den Ruf nach Freiheit und moderne, nachhaltigen F\u00fchrungsans\u00e4tze.\" \/>\n<meta property=\"og:url\" content=\"https:\/\/definet.de\/2019\/10\/15\/personalmanagement-im-vertrieb-der-ruf-nach-freiheit-von-thomas-scholl\/\" \/>\n<meta property=\"og:site_name\" content=\"DEFINET AG\" \/>\n<meta property=\"article:published_time\" content=\"2019-10-15T18:27:07+00:00\" \/>\n<meta property=\"article:modified_time\" content=\"2026-03-02T12:25:59+00:00\" \/>\n<meta property=\"og:image\" content=\"https:\/\/definet.de\/wp-content\/uploads\/2019\/11\/Thomas-Scholl.jpg\" \/>\n\t<meta property=\"og:image:width\" content=\"1620\" \/>\n\t<meta property=\"og:image:height\" content=\"1080\" \/>\n\t<meta property=\"og:image:type\" content=\"image\/jpeg\" \/>\n<meta name=\"author\" content=\"admin-definet\" \/>\n<meta name=\"twitter:card\" content=\"summary_large_image\" \/>\n<meta name=\"twitter:label1\" content=\"Verfasst von\" \/>\n\t<meta name=\"twitter:data1\" content=\"admin-definet\" \/>\n\t<meta name=\"twitter:label2\" content=\"Gesch\u00e4tzte Lesezeit\" \/>\n\t<meta name=\"twitter:data2\" content=\"1\u00a0Minute\" \/>\n<script type=\"application\/ld+json\" class=\"yoast-schema-graph\">{\"@context\":\"https:\\\/\\\/schema.org\",\"@graph\":[{\"@type\":\"Article\",\"@id\":\"https:\\\/\\\/definet.de\\\/2019\\\/10\\\/15\\\/personalmanagement-im-vertrieb-der-ruf-nach-freiheit-von-thomas-scholl\\\/#article\",\"isPartOf\":{\"@id\":\"https:\\\/\\\/definet.de\\\/2019\\\/10\\\/15\\\/personalmanagement-im-vertrieb-der-ruf-nach-freiheit-von-thomas-scholl\\\/\"},\"author\":{\"name\":\"admin-definet\",\"@id\":\"https:\\\/\\\/definet.de\\\/#\\\/schema\\\/person\\\/68cc85b665bfcfd5c860c97963afec73\"},\"headline\":\"Personalmanagement im Vertrieb: Der Ruf nach Freiheit \u2013 von Thomas Scholl\",\"datePublished\":\"2019-10-15T18:27:07+00:00\",\"dateModified\":\"2026-03-02T12:25:59+00:00\",\"mainEntityOfPage\":{\"@id\":\"https:\\\/\\\/definet.de\\\/2019\\\/10\\\/15\\\/personalmanagement-im-vertrieb-der-ruf-nach-freiheit-von-thomas-scholl\\\/\"},\"wordCount\":47,\"commentCount\":0,\"publisher\":{\"@id\":\"https:\\\/\\\/definet.de\\\/#organization\"},\"image\":{\"@id\":\"https:\\\/\\\/definet.de\\\/2019\\\/10\\\/15\\\/personalmanagement-im-vertrieb-der-ruf-nach-freiheit-von-thomas-scholl\\\/#primaryimage\"},\"thumbnailUrl\":\"https:\\\/\\\/definet.de\\\/wp-content\\\/uploads\\\/2019\\\/11\\\/Thomas-Scholl.jpg\",\"articleSection\":[\"Pressespiegel\"],\"inLanguage\":\"de\",\"potentialAction\":[{\"@type\":\"CommentAction\",\"name\":\"Comment\",\"target\":[\"https:\\\/\\\/definet.de\\\/2019\\\/10\\\/15\\\/personalmanagement-im-vertrieb-der-ruf-nach-freiheit-von-thomas-scholl\\\/#respond\"]}]},{\"@type\":\"WebPage\",\"@id\":\"https:\\\/\\\/definet.de\\\/2019\\\/10\\\/15\\\/personalmanagement-im-vertrieb-der-ruf-nach-freiheit-von-thomas-scholl\\\/\",\"url\":\"https:\\\/\\\/definet.de\\\/2019\\\/10\\\/15\\\/personalmanagement-im-vertrieb-der-ruf-nach-freiheit-von-thomas-scholl\\\/\",\"name\":\"Personalmanagement im Vertrieb: Der Ruf nach Freiheit \u2013 von Thomas Scholl - DEFINET AG\",\"isPartOf\":{\"@id\":\"https:\\\/\\\/definet.de\\\/#website\"},\"primaryImageOfPage\":{\"@id\":\"https:\\\/\\\/definet.de\\\/2019\\\/10\\\/15\\\/personalmanagement-im-vertrieb-der-ruf-nach-freiheit-von-thomas-scholl\\\/#primaryimage\"},\"image\":{\"@id\":\"https:\\\/\\\/definet.de\\\/2019\\\/10\\\/15\\\/personalmanagement-im-vertrieb-der-ruf-nach-freiheit-von-thomas-scholl\\\/#primaryimage\"},\"thumbnailUrl\":\"https:\\\/\\\/definet.de\\\/wp-content\\\/uploads\\\/2019\\\/11\\\/Thomas-Scholl.jpg\",\"datePublished\":\"2019-10-15T18:27:07+00:00\",\"dateModified\":\"2026-03-02T12:25:59+00:00\",\"description\":\"Personalmanagement im Vertrieb \u2013 Thomas Scholl \u00fcber den Ruf nach Freiheit und moderne, nachhaltigen F\u00fchrungsans\u00e4tze.\",\"breadcrumb\":{\"@id\":\"https:\\\/\\\/definet.de\\\/2019\\\/10\\\/15\\\/personalmanagement-im-vertrieb-der-ruf-nach-freiheit-von-thomas-scholl\\\/#breadcrumb\"},\"inLanguage\":\"de\",\"potentialAction\":[{\"@type\":\"ReadAction\",\"target\":[\"https:\\\/\\\/definet.de\\\/2019\\\/10\\\/15\\\/personalmanagement-im-vertrieb-der-ruf-nach-freiheit-von-thomas-scholl\\\/\"]}]},{\"@type\":\"ImageObject\",\"inLanguage\":\"de\",\"@id\":\"https:\\\/\\\/definet.de\\\/2019\\\/10\\\/15\\\/personalmanagement-im-vertrieb-der-ruf-nach-freiheit-von-thomas-scholl\\\/#primaryimage\",\"url\":\"https:\\\/\\\/definet.de\\\/wp-content\\\/uploads\\\/2019\\\/11\\\/Thomas-Scholl.jpg\",\"contentUrl\":\"https:\\\/\\\/definet.de\\\/wp-content\\\/uploads\\\/2019\\\/11\\\/Thomas-Scholl.jpg\",\"width\":1620,\"height\":1080,\"caption\":\"Pressespiegel Definet AG Personalmanagement\"},{\"@type\":\"BreadcrumbList\",\"@id\":\"https:\\\/\\\/definet.de\\\/2019\\\/10\\\/15\\\/personalmanagement-im-vertrieb-der-ruf-nach-freiheit-von-thomas-scholl\\\/#breadcrumb\",\"itemListElement\":[{\"@type\":\"ListItem\",\"position\":1,\"name\":\"Startseite\",\"item\":\"https:\\\/\\\/definet.de\\\/nds-de\\\/home\\\/\"},{\"@type\":\"ListItem\",\"position\":2,\"name\":\"Personalmanagement im Vertrieb: Der Ruf nach Freiheit \u2013 von Thomas Scholl\"}]},{\"@type\":\"WebSite\",\"@id\":\"https:\\\/\\\/definet.de\\\/#website\",\"url\":\"https:\\\/\\\/definet.de\\\/\",\"name\":\"Definet AG\",\"description\":\"Kompetenz. Mehrwert. Partnerschaft.\",\"publisher\":{\"@id\":\"https:\\\/\\\/definet.de\\\/#organization\"},\"potentialAction\":[{\"@type\":\"SearchAction\",\"target\":{\"@type\":\"EntryPoint\",\"urlTemplate\":\"https:\\\/\\\/definet.de\\\/?s={search_term_string}\"},\"query-input\":{\"@type\":\"PropertyValueSpecification\",\"valueRequired\":true,\"valueName\":\"search_term_string\"}}],\"inLanguage\":\"de\"},{\"@type\":\"Organization\",\"@id\":\"https:\\\/\\\/definet.de\\\/#organization\",\"name\":\"DEFINET AG\",\"url\":\"https:\\\/\\\/definet.de\\\/\",\"logo\":{\"@type\":\"ImageObject\",\"inLanguage\":\"de\",\"@id\":\"https:\\\/\\\/definet.de\\\/#\\\/schema\\\/logo\\\/image\\\/\",\"url\":\"https:\\\/\\\/definet.de\\\/wp-content\\\/uploads\\\/2020\\\/01\\\/Logo_Definet.png\",\"contentUrl\":\"https:\\\/\\\/definet.de\\\/wp-content\\\/uploads\\\/2020\\\/01\\\/Logo_Definet.png\",\"width\":2547,\"height\":567,\"caption\":\"DEFINET AG\"},\"image\":{\"@id\":\"https:\\\/\\\/definet.de\\\/#\\\/schema\\\/logo\\\/image\\\/\"},\"sameAs\":[\"https:\\\/\\\/www.linkedin.com\\\/company\\\/definetag\"]},{\"@type\":\"Person\",\"@id\":\"https:\\\/\\\/definet.de\\\/#\\\/schema\\\/person\\\/68cc85b665bfcfd5c860c97963afec73\",\"name\":\"admin-definet\"}]}<\/script>\n<!-- \/ Yoast SEO plugin. -->","yoast_head_json":{"title":"Personalmanagement im Vertrieb: Der Ruf nach Freiheit \u2013 von Thomas Scholl - DEFINET AG","description":"Personalmanagement im Vertrieb \u2013 Thomas Scholl \u00fcber den Ruf nach Freiheit und moderne, nachhaltigen F\u00fchrungsans\u00e4tze.","robots":{"index":"index","follow":"follow","max-snippet":"max-snippet:-1","max-image-preview":"max-image-preview:large","max-video-preview":"max-video-preview:-1"},"canonical":"https:\/\/definet.de\/2019\/10\/15\/personalmanagement-im-vertrieb-der-ruf-nach-freiheit-von-thomas-scholl\/","og_locale":"en_US","og_type":"article","og_title":"Personalmanagement im Vertrieb: Der Ruf nach Freiheit \u2013 von Thomas Scholl - DEFINET AG","og_description":"Personalmanagement im Vertrieb \u2013 Thomas Scholl \u00fcber den Ruf nach Freiheit und moderne, nachhaltigen F\u00fchrungsans\u00e4tze.","og_url":"https:\/\/definet.de\/2019\/10\/15\/personalmanagement-im-vertrieb-der-ruf-nach-freiheit-von-thomas-scholl\/","og_site_name":"DEFINET AG","article_published_time":"2019-10-15T18:27:07+00:00","article_modified_time":"2026-03-02T12:25:59+00:00","og_image":[{"width":1620,"height":1080,"url":"https:\/\/definet.de\/wp-content\/uploads\/2019\/11\/Thomas-Scholl.jpg","type":"image\/jpeg"}],"author":"admin-definet","twitter_card":"summary_large_image","twitter_misc":{"Verfasst von":"admin-definet","Gesch\u00e4tzte Lesezeit":"1\u00a0Minute"},"schema":{"@context":"https:\/\/schema.org","@graph":[{"@type":"Article","@id":"https:\/\/definet.de\/2019\/10\/15\/personalmanagement-im-vertrieb-der-ruf-nach-freiheit-von-thomas-scholl\/#article","isPartOf":{"@id":"https:\/\/definet.de\/2019\/10\/15\/personalmanagement-im-vertrieb-der-ruf-nach-freiheit-von-thomas-scholl\/"},"author":{"name":"admin-definet","@id":"https:\/\/definet.de\/#\/schema\/person\/68cc85b665bfcfd5c860c97963afec73"},"headline":"Personalmanagement im Vertrieb: Der Ruf nach Freiheit \u2013 von Thomas Scholl","datePublished":"2019-10-15T18:27:07+00:00","dateModified":"2026-03-02T12:25:59+00:00","mainEntityOfPage":{"@id":"https:\/\/definet.de\/2019\/10\/15\/personalmanagement-im-vertrieb-der-ruf-nach-freiheit-von-thomas-scholl\/"},"wordCount":47,"commentCount":0,"publisher":{"@id":"https:\/\/definet.de\/#organization"},"image":{"@id":"https:\/\/definet.de\/2019\/10\/15\/personalmanagement-im-vertrieb-der-ruf-nach-freiheit-von-thomas-scholl\/#primaryimage"},"thumbnailUrl":"https:\/\/definet.de\/wp-content\/uploads\/2019\/11\/Thomas-Scholl.jpg","articleSection":["Pressespiegel"],"inLanguage":"de","potentialAction":[{"@type":"CommentAction","name":"Comment","target":["https:\/\/definet.de\/2019\/10\/15\/personalmanagement-im-vertrieb-der-ruf-nach-freiheit-von-thomas-scholl\/#respond"]}]},{"@type":"WebPage","@id":"https:\/\/definet.de\/2019\/10\/15\/personalmanagement-im-vertrieb-der-ruf-nach-freiheit-von-thomas-scholl\/","url":"https:\/\/definet.de\/2019\/10\/15\/personalmanagement-im-vertrieb-der-ruf-nach-freiheit-von-thomas-scholl\/","name":"Personalmanagement im Vertrieb: Der Ruf nach Freiheit \u2013 von Thomas Scholl - DEFINET AG","isPartOf":{"@id":"https:\/\/definet.de\/#website"},"primaryImageOfPage":{"@id":"https:\/\/definet.de\/2019\/10\/15\/personalmanagement-im-vertrieb-der-ruf-nach-freiheit-von-thomas-scholl\/#primaryimage"},"image":{"@id":"https:\/\/definet.de\/2019\/10\/15\/personalmanagement-im-vertrieb-der-ruf-nach-freiheit-von-thomas-scholl\/#primaryimage"},"thumbnailUrl":"https:\/\/definet.de\/wp-content\/uploads\/2019\/11\/Thomas-Scholl.jpg","datePublished":"2019-10-15T18:27:07+00:00","dateModified":"2026-03-02T12:25:59+00:00","description":"Personalmanagement im Vertrieb \u2013 Thomas Scholl \u00fcber den Ruf nach Freiheit und moderne, nachhaltigen F\u00fchrungsans\u00e4tze.","breadcrumb":{"@id":"https:\/\/definet.de\/2019\/10\/15\/personalmanagement-im-vertrieb-der-ruf-nach-freiheit-von-thomas-scholl\/#breadcrumb"},"inLanguage":"de","potentialAction":[{"@type":"ReadAction","target":["https:\/\/definet.de\/2019\/10\/15\/personalmanagement-im-vertrieb-der-ruf-nach-freiheit-von-thomas-scholl\/"]}]},{"@type":"ImageObject","inLanguage":"de","@id":"https:\/\/definet.de\/2019\/10\/15\/personalmanagement-im-vertrieb-der-ruf-nach-freiheit-von-thomas-scholl\/#primaryimage","url":"https:\/\/definet.de\/wp-content\/uploads\/2019\/11\/Thomas-Scholl.jpg","contentUrl":"https:\/\/definet.de\/wp-content\/uploads\/2019\/11\/Thomas-Scholl.jpg","width":1620,"height":1080,"caption":"Pressespiegel Definet AG Personalmanagement"},{"@type":"BreadcrumbList","@id":"https:\/\/definet.de\/2019\/10\/15\/personalmanagement-im-vertrieb-der-ruf-nach-freiheit-von-thomas-scholl\/#breadcrumb","itemListElement":[{"@type":"ListItem","position":1,"name":"Startseite","item":"https:\/\/definet.de\/nds-de\/home\/"},{"@type":"ListItem","position":2,"name":"Personalmanagement im Vertrieb: Der Ruf nach Freiheit \u2013 von Thomas Scholl"}]},{"@type":"WebSite","@id":"https:\/\/definet.de\/#website","url":"https:\/\/definet.de\/","name":"Definet AG","description":"Kompetenz. Mehrwert. Partnerschaft.","publisher":{"@id":"https:\/\/definet.de\/#organization"},"potentialAction":[{"@type":"SearchAction","target":{"@type":"EntryPoint","urlTemplate":"https:\/\/definet.de\/?s={search_term_string}"},"query-input":{"@type":"PropertyValueSpecification","valueRequired":true,"valueName":"search_term_string"}}],"inLanguage":"de"},{"@type":"Organization","@id":"https:\/\/definet.de\/#organization","name":"DEFINET AG","url":"https:\/\/definet.de\/","logo":{"@type":"ImageObject","inLanguage":"de","@id":"https:\/\/definet.de\/#\/schema\/logo\/image\/","url":"https:\/\/definet.de\/wp-content\/uploads\/2020\/01\/Logo_Definet.png","contentUrl":"https:\/\/definet.de\/wp-content\/uploads\/2020\/01\/Logo_Definet.png","width":2547,"height":567,"caption":"DEFINET AG"},"image":{"@id":"https:\/\/definet.de\/#\/schema\/logo\/image\/"},"sameAs":["https:\/\/www.linkedin.com\/company\/definetag"]},{"@type":"Person","@id":"https:\/\/definet.de\/#\/schema\/person\/68cc85b665bfcfd5c860c97963afec73","name":"admin-definet"}]}},"_links":{"self":[{"href":"https:\/\/definet.de\/nds-de\/wp-json\/wp\/v2\/posts\/240","targetHints":{"allow":["GET"]}}],"collection":[{"href":"https:\/\/definet.de\/nds-de\/wp-json\/wp\/v2\/posts"}],"about":[{"href":"https:\/\/definet.de\/nds-de\/wp-json\/wp\/v2\/types\/post"}],"author":[{"embeddable":true,"href":"https:\/\/definet.de\/nds-de\/wp-json\/wp\/v2\/users\/1"}],"replies":[{"embeddable":true,"href":"https:\/\/definet.de\/nds-de\/wp-json\/wp\/v2\/comments?post=240"}],"version-history":[{"count":4,"href":"https:\/\/definet.de\/nds-de\/wp-json\/wp\/v2\/posts\/240\/revisions"}],"predecessor-version":[{"id":24973,"href":"https:\/\/definet.de\/nds-de\/wp-json\/wp\/v2\/posts\/240\/revisions\/24973"}],"wp:featuredmedia":[{"embeddable":true,"href":"https:\/\/definet.de\/nds-de\/wp-json\/wp\/v2\/media\/242"}],"wp:attachment":[{"href":"https:\/\/definet.de\/nds-de\/wp-json\/wp\/v2\/media?parent=240"}],"wp:term":[{"taxonomy":"category","embeddable":true,"href":"https:\/\/definet.de\/nds-de\/wp-json\/wp\/v2\/categories?post=240"},{"taxonomy":"post_tag","embeddable":true,"href":"https:\/\/definet.de\/nds-de\/wp-json\/wp\/v2\/tags?post=240"},{"taxonomy":"post_folder","embeddable":true,"href":"https:\/\/definet.de\/nds-de\/wp-json\/wp\/v2\/post_folder?post=240"}],"curies":[{"name":"wp","href":"https:\/\/api.w.org\/{rel}","templated":true}]}}